{"id":1356,"date":"2012-12-23T12:05:26","date_gmt":"2012-12-23T11:05:26","guid":{"rendered":"http:\/\/www.autolook.de\/?p=1356"},"modified":"2012-12-23T12:05:26","modified_gmt":"2012-12-23T11:05:26","slug":"porsche-plant-einen-junior","status":"publish","type":"post","link":"http:\/\/www.autolook.de\/?p=1356","title":{"rendered":"Porsche plant einen Junior"},"content":{"rendered":"<p class=\"MsoNormal\">Porsche will seine Modellpalette mit kleineren Autos abrunden, um so besser mit BMW und Mercedes zu konkurrieren. Zudem plant das Unternehmen eine weitere Limousine: Man k\u00f6nne sich zum Panamera einen Junior vorstellen, sagte Porsche-Chef Matthias<!--more--> M\u00fcller. <span style=\"mso-spacerun: yes;\">\u00a0<\/span>Ein entsprechendes, viert\u00fcriges Modell w\u00fcrde vermutlich mit dem BMW 5er und der Mercedes E-Klasse in einer Liga spielen. Noch kleinere Autos werde Porsche allerdings nicht anbieten. \u201e50.000 Euro ist eine magische Untergrenze\u201c, sagte M\u00fcller dem Magazin Focus. Denn g\u00fcnstiger d\u00fcrfe ein Porsche nicht sein, wenn die Marke ihr Premium-Image nicht gef\u00e4hrden wolle. Er best\u00e4tigte au\u00dferdem \u00dcberlegungen, eine weitere Baureihe oberhalb des Sportwagens 911 einzuf\u00fchren. Die Wahrscheinlichkeit sei hoch. Ein solcher Wagen w\u00fcrde dann im Ferrari-Segment fahren. Der Plan m\u00fcsse aber noch reifen, erg\u00e4nzte M\u00fcller.<\/p>\n","protected":false},"excerpt":{"rendered":"<p>Porsche will seine Modellpalette mit kleineren Autos abrunden, um so besser mit BMW und Mercedes zu konkurrieren. Zudem plant das Unternehmen eine weitere Limousine: Man k\u00f6nne sich zum Panamera einen Junior vorstellen, sagte Porsche-Chef Matthias<\/p>\n","protected":false},"author":1,"featured_media":1357,"comment_status":"closed","ping_status":"closed","sticky":false,"template":"","format":"standard","meta":{"footnotes":""},"categories":[9],"tags":[100,642],"class_list":["post-1356","post","type-post","status-publish","format-standard","has-post-thumbnail","hentry","category-home","tag-automodelle","tag-porsche"],"_links":{"self":[{"href":"http:\/\/www.autolook.de\/index.php?rest_route=\/wp\/v2\/posts\/1356","targetHints":{"allow":["GET"]}}],"collection":[{"href":"http:\/\/www.autolook.de\/index.php?rest_route=\/wp\/v2\/posts"}],"about":[{"href":"http:\/\/www.autolook.de\/index.php?rest_route=\/wp\/v2\/types\/post"}],"author":[{"embeddable":true,"href":"http:\/\/www.autolook.de\/index.php?rest_route=\/wp\/v2\/users\/1"}],"replies":[{"embeddable":true,"href":"http:\/\/www.autolook.de\/index.php?rest_route=%2Fwp%2Fv2%2Fcomments&post=1356"}],"version-history":[{"count":0,"href":"http:\/\/www.autolook.de\/index.php?rest_route=\/wp\/v2\/posts\/1356\/revisions"}],"wp:featuredmedia":[{"embeddable":true,"href":"http:\/\/www.autolook.de\/index.php?rest_route=\/"}],"wp:attachment":[{"href":"http:\/\/www.autolook.de\/index.php?rest_route=%2Fwp%2Fv2%2Fmedia&parent=1356"}],"wp:term":[{"taxonomy":"category","embeddable":true,"href":"http:\/\/www.autolook.de\/index.php?rest_route=%2Fwp%2Fv2%2Fcategories&post=1356"},{"taxonomy":"post_tag","embeddable":true,"href":"http:\/\/www.autolook.de\/index.php?rest_route=%2Fwp%2Fv2%2Ftags&post=1356"}],"curies":[{"name":"wp","href":"https:\/\/api.w.org\/{rel}","templated":true}]}}