{"id":1697,"date":"2013-03-02T14:40:08","date_gmt":"2013-03-02T13:40:08","guid":{"rendered":"http:\/\/www.autolook.de\/?p=1697"},"modified":"2013-03-02T14:40:08","modified_gmt":"2013-03-02T13:40:08","slug":"vernetzt-uber-die-car-cloud","status":"publish","type":"post","link":"http:\/\/www.autolook.de\/?p=1697","title":{"rendered":"Vernetzt \u00fcber die Car-Cloud"},"content":{"rendered":"<p>Ob auf den Stra\u00dfen oder im Fahrzeug &#8211; Autofahrer werden k\u00fcnftig mehr und mehr in die Datennetze der Automobilhersteller integriert. Im n\u00e4chsten Jahren sollen sch\u00e4tzungsweise schon eine Million Autos vernetzt sein. Die entsprechende Cloud-Infrastruktur dazu kommt von der Deutschen Telekom. Nach Angaben der Abteilung Car-IT k\u00f6nnten in f\u00fcnf Jahren schon 80 Prozent aller Autos online sein. Die Telekom-Tochter T-Systems\u00a0 kooperiert zum<!--more--> Aufbau einer Car-Cloud mit den f\u00fcnf gr\u00f6\u00dften deutschen Autoherstellern, die mit den Werkst\u00e4tten und Autos einen IT-Verbund bilden. \u00dcber die Auswertung der Cloud-Daten haben sie dann Zugriff auf Informationen \u00fcber den technischen Zustand der Fahrzeuge. Dies erlaubt ihnen den rechtzeitigen Abruf in die Werkstatt zur Inspektion oder zur Vermeidung von technischen Defekten.<\/p>\n","protected":false},"excerpt":{"rendered":"<p>Ob auf den Stra\u00dfen oder im Fahrzeug &#8211; Autofahrer werden k\u00fcnftig mehr und mehr in die Datennetze der Automobilhersteller integriert. Im n\u00e4chsten Jahren sollen sch\u00e4tzungsweise schon eine Million Autos vernetzt sein. Die entsprechende Cloud-Infrastruktur dazu kommt von der Deutschen Telekom. Nach Angaben der Abteilung Car-IT k\u00f6nnten in f\u00fcnf Jahren schon 80 Prozent aller Autos online [&hellip;]<\/p>\n","protected":false},"author":1,"featured_media":0,"comment_status":"closed","ping_status":"closed","sticky":false,"template":"","format":"standard","meta":{"footnotes":""},"categories":[9],"tags":[164,172],"class_list":["post-1697","post","type-post","status-publish","format-standard","hentry","category-home","tag-car-it","tag-cloud"],"_links":{"self":[{"href":"http:\/\/www.autolook.de\/index.php?rest_route=\/wp\/v2\/posts\/1697","targetHints":{"allow":["GET"]}}],"collection":[{"href":"http:\/\/www.autolook.de\/index.php?rest_route=\/wp\/v2\/posts"}],"about":[{"href":"http:\/\/www.autolook.de\/index.php?rest_route=\/wp\/v2\/types\/post"}],"author":[{"embeddable":true,"href":"http:\/\/www.autolook.de\/index.php?rest_route=\/wp\/v2\/users\/1"}],"replies":[{"embeddable":true,"href":"http:\/\/www.autolook.de\/index.php?rest_route=%2Fwp%2Fv2%2Fcomments&post=1697"}],"version-history":[{"count":0,"href":"http:\/\/www.autolook.de\/index.php?rest_route=\/wp\/v2\/posts\/1697\/revisions"}],"wp:attachment":[{"href":"http:\/\/www.autolook.de\/index.php?rest_route=%2Fwp%2Fv2%2Fmedia&parent=1697"}],"wp:term":[{"taxonomy":"category","embeddable":true,"href":"http:\/\/www.autolook.de\/index.php?rest_route=%2Fwp%2Fv2%2Fcategories&post=1697"},{"taxonomy":"post_tag","embeddable":true,"href":"http:\/\/www.autolook.de\/index.php?rest_route=%2Fwp%2Fv2%2Ftags&post=1697"}],"curies":[{"name":"wp","href":"https:\/\/api.w.org\/{rel}","templated":true}]}}