{"id":1792,"date":"2013-05-23T07:22:56","date_gmt":"2013-05-23T06:22:56","guid":{"rendered":"http:\/\/www.autolook.de\/?p=1792"},"modified":"2013-05-23T07:22:56","modified_gmt":"2013-05-23T06:22:56","slug":"vw-plant-modelloffensive","status":"publish","type":"post","link":"http:\/\/www.autolook.de\/?p=1792","title":{"rendered":"VW plant Modelloffensive"},"content":{"rendered":"<p class=\"MsoNormal\"><span style=\"font-size: 10.0pt; font-family: 'Times New Roman'; mso-fareast-font-family: 'Times New Roman'; mso-font-kerning: 14.0pt; mso-ansi-language: DE; mso-fareast-language: DE; mso-bidi-language: AR-SA;\">Mit der gr\u00f6\u00dften Modelloffensive seiner Geschichte will der Volkswagenkonzern in S\u00fcdamerika wachsen. 3,4 Milliarden Euro sollen dazu in den brasilianischen Automarkt investiert werden. Nach einem Bericht der Wirtschaftswoche plant VW-Produktionsvorstand Michael Macht damit den Marktf\u00fchrer Fiat zu \u00fcberholen. Die Prognosen f\u00fcr den brasilianischen<!--more--> Automobilmarkt sind gl\u00e4nzend: Bis 2018 soll der Pkw-Markt um 45 Prozent wachsen. Noch ist das Gesch\u00e4ft aber ruhig, denn f\u00fcr dieses Jahr erwartet man dort gerade mal zwei Prozent Wachstum. Motor der Initiative ist die \u201eNew Small Family\u201c, die f\u00fcnf neue Modelle umfasst. Ab 2015 wird der Mini-SUV Taifun<span style=\"mso-spacerun: yes;\">\u00a0 <\/span>produziert, der zur Familie des Kleinwagens VW Up geh\u00f6rt. Schon im n\u00e4chsten Jahr plant man eine neue Fox-Auflage und eine Hochdach-Version, sowie eine neue Version des erfolgreichen Gol (zwischen Polo und Golf-Klasse). Alle f\u00fcnf Version laufen bei Volkswagen do Brasil vom Band.<\/span><\/p>\n","protected":false},"excerpt":{"rendered":"<p>Mit der gr\u00f6\u00dften Modelloffensive seiner Geschichte will der Volkswagenkonzern in S\u00fcdamerika wachsen. 3,4 Milliarden Euro sollen dazu in den brasilianischen Automarkt investiert werden. Nach einem Bericht der Wirtschaftswoche plant VW-Produktionsvorstand Michael Macht damit den Marktf\u00fchrer Fiat zu \u00fcberholen. Die Prognosen f\u00fcr den brasilianischen<\/p>\n","protected":false},"author":1,"featured_media":0,"comment_status":"closed","ping_status":"closed","sticky":false,"template":"","format":"standard","meta":{"footnotes":""},"categories":[9],"tags":[556,824,940],"class_list":["post-1792","post","type-post","status-publish","format-standard","hentry","category-home","tag-modellpolitik","tag-sudamerika","tag-vw"],"_links":{"self":[{"href":"http:\/\/www.autolook.de\/index.php?rest_route=\/wp\/v2\/posts\/1792","targetHints":{"allow":["GET"]}}],"collection":[{"href":"http:\/\/www.autolook.de\/index.php?rest_route=\/wp\/v2\/posts"}],"about":[{"href":"http:\/\/www.autolook.de\/index.php?rest_route=\/wp\/v2\/types\/post"}],"author":[{"embeddable":true,"href":"http:\/\/www.autolook.de\/index.php?rest_route=\/wp\/v2\/users\/1"}],"replies":[{"embeddable":true,"href":"http:\/\/www.autolook.de\/index.php?rest_route=%2Fwp%2Fv2%2Fcomments&post=1792"}],"version-history":[{"count":0,"href":"http:\/\/www.autolook.de\/index.php?rest_route=\/wp\/v2\/posts\/1792\/revisions"}],"wp:attachment":[{"href":"http:\/\/www.autolook.de\/index.php?rest_route=%2Fwp%2Fv2%2Fmedia&parent=1792"}],"wp:term":[{"taxonomy":"category","embeddable":true,"href":"http:\/\/www.autolook.de\/index.php?rest_route=%2Fwp%2Fv2%2Fcategories&post=1792"},{"taxonomy":"post_tag","embeddable":true,"href":"http:\/\/www.autolook.de\/index.php?rest_route=%2Fwp%2Fv2%2Ftags&post=1792"}],"curies":[{"name":"wp","href":"https:\/\/api.w.org\/{rel}","templated":true}]}}