{"id":1995,"date":"2013-12-12T18:00:07","date_gmt":"2013-12-12T17:00:07","guid":{"rendered":"http:\/\/www.autolook.de\/?p=1995"},"modified":"2013-12-12T18:00:07","modified_gmt":"2013-12-12T17:00:07","slug":"elektroautos-laden-an-oberleitungen","status":"publish","type":"post","link":"http:\/\/www.autolook.de\/?p=1995","title":{"rendered":"Elektroautos laden an Oberleitungen"},"content":{"rendered":"<p class=\"MsoNormal\" style=\"text-align: justify;\"><span style=\"font-family: Arial;\">Schneller als erwartet k\u00f6nnte sich bundesweit ein fl\u00e4chendeckendes Lades\u00e4ulensystem f\u00fcr Elektroautos etablieren. K\u00fcnftig sollen Stromer an Oberleitungen von Stra\u00dfenbahnen, U-Bahnen und S-Bahnen auftanken. Die Idee dazu kommt von Adolf M\u00fcller-Hellmann, Experte f\u00fcr Elektrische Nahverkehrssysteme an der RWTH Aachen. Laut M\u00fcller-Hellmann sind<!--more-->bundesweit 4200 Kilometer Oberleitungen verf\u00fcgbar. Da der Nahverkehr mit Gleichstrom arbeitet, k\u00f6nnten die Dr\u00e4hte auch als Energiequelle f\u00fcr Schnelllades\u00e4ulen angezapft werden, die auf Park&amp;Ride-Fl\u00e4chen oder an Laternen aufgebaut werden. So lie\u00dfe sich rasch ein fl\u00e4chendeckendes Netz von Lades\u00e4ulen aufbauen, an dem mehrere Millionen Elektroautos in nur einer halben Stunde laden. Henning Kagermann, Vorsitzender der Nationale Plattform Elektromobilit\u00e4t (NPE), will der Bundesregierung das neue Verfahren vorschlagen. Derzeit laufen schon Gespr\u00e4che mit dem Verkehrsministerium. Pilotprojekte soll es in Bremen und Oberhausen geben.<\/span><\/p>\n","protected":false},"excerpt":{"rendered":"<p>Schneller als erwartet k\u00f6nnte sich bundesweit ein fl\u00e4chendeckendes Lades\u00e4ulensystem f\u00fcr Elektroautos etablieren. K\u00fcnftig sollen Stromer an Oberleitungen von Stra\u00dfenbahnen, U-Bahnen und S-Bahnen auftanken. Die Idee dazu kommt von Adolf M\u00fcller-Hellmann, Experte f\u00fcr Elektrische Nahverkehrssysteme an der RWTH Aachen. Laut M\u00fcller-Hellmann sind<\/p>\n","protected":false},"author":1,"featured_media":0,"comment_status":"closed","ping_status":"closed","sticky":false,"template":"","format":"standard","meta":{"footnotes":""},"categories":[9],"tags":[221,479],"class_list":["post-1995","post","type-post","status-publish","format-standard","hentry","category-home","tag-e-autos","tag-ladesaulen"],"_links":{"self":[{"href":"http:\/\/www.autolook.de\/index.php?rest_route=\/wp\/v2\/posts\/1995","targetHints":{"allow":["GET"]}}],"collection":[{"href":"http:\/\/www.autolook.de\/index.php?rest_route=\/wp\/v2\/posts"}],"about":[{"href":"http:\/\/www.autolook.de\/index.php?rest_route=\/wp\/v2\/types\/post"}],"author":[{"embeddable":true,"href":"http:\/\/www.autolook.de\/index.php?rest_route=\/wp\/v2\/users\/1"}],"replies":[{"embeddable":true,"href":"http:\/\/www.autolook.de\/index.php?rest_route=%2Fwp%2Fv2%2Fcomments&post=1995"}],"version-history":[{"count":0,"href":"http:\/\/www.autolook.de\/index.php?rest_route=\/wp\/v2\/posts\/1995\/revisions"}],"wp:attachment":[{"href":"http:\/\/www.autolook.de\/index.php?rest_route=%2Fwp%2Fv2%2Fmedia&parent=1995"}],"wp:term":[{"taxonomy":"category","embeddable":true,"href":"http:\/\/www.autolook.de\/index.php?rest_route=%2Fwp%2Fv2%2Fcategories&post=1995"},{"taxonomy":"post_tag","embeddable":true,"href":"http:\/\/www.autolook.de\/index.php?rest_route=%2Fwp%2Fv2%2Ftags&post=1995"}],"curies":[{"name":"wp","href":"https:\/\/api.w.org\/{rel}","templated":true}]}}