{"id":2045,"date":"2014-02-11T20:53:46","date_gmt":"2014-02-11T19:53:46","guid":{"rendered":"http:\/\/www.autolook.de\/?p=2045"},"modified":"2014-02-11T20:53:46","modified_gmt":"2014-02-11T19:53:46","slug":"taxis-duerfen-sich-tempo-aussuchen","status":"publish","type":"post","link":"http:\/\/www.autolook.de\/?p=2045","title":{"rendered":"Taxis d\u00fcrfen sich Tempo aussuchen"},"content":{"rendered":"<p class=\"MsoNormal\"><span style=\"font-size: 12.0pt; font-family: Arial; mso-fareast-font-family: 'Times New Roman'; mso-font-kerning: 14.0pt; mso-ansi-language: DE; mso-fareast-language: DE; mso-bidi-language: AR-SA;\">Je nachdem welche Fahrspur Taxen und Busse in Wien w\u00e4hlen, d\u00fcrfen sie Tempo 30 oder 50 fahren. Denn im letzten Jahr wurden dort einige Stra\u00dfen mit neuen Tempo-30-Zonen eingerichtet, Tempo-50- auf den Busspuren blieben aber. Hintergrund waren die Klagen von Anwohnern \u00fcber Raser und L\u00e4rm. Da auch Taxen als<!--more--> \u00f6ffentliche Verkehrsmittel die Busspuren mitbenutzen d\u00fcrfen, fahren Fahrzeuge mittlerweile auf beiden Spuren das gleiche Tempo &#8211; meist das h\u00f6here.<span style=\"mso-spacerun: yes;\">\u00a0 <\/span>Jetzt \u00fcberlegt man bei der Stadtverwaltung, auf diesen Stra\u00dfen Radark\u00e4sten anzubringen.<\/span><\/p>\n","protected":false},"excerpt":{"rendered":"<p>Je nachdem welche Fahrspur Taxen und Busse in Wien w\u00e4hlen, d\u00fcrfen sie Tempo 30 oder 50 fahren. Denn im letzten Jahr wurden dort einige Stra\u00dfen mit neuen Tempo-30-Zonen eingerichtet, Tempo-50- auf den Busspuren blieben aber. Hintergrund waren die Klagen von Anwohnern \u00fcber Raser und L\u00e4rm. Da auch Taxen als<\/p>\n","protected":false},"author":1,"featured_media":0,"comment_status":"closed","ping_status":"closed","sticky":false,"template":"","format":"standard","meta":{"footnotes":""},"categories":[9],"tags":[160,832,839,910],"class_list":["post-2045","post","type-post","status-publish","format-standard","hentry","category-home","tag-busse","tag-taxi","tag-tempo-30","tag-verkehrsberuhigung"],"_links":{"self":[{"href":"http:\/\/www.autolook.de\/index.php?rest_route=\/wp\/v2\/posts\/2045","targetHints":{"allow":["GET"]}}],"collection":[{"href":"http:\/\/www.autolook.de\/index.php?rest_route=\/wp\/v2\/posts"}],"about":[{"href":"http:\/\/www.autolook.de\/index.php?rest_route=\/wp\/v2\/types\/post"}],"author":[{"embeddable":true,"href":"http:\/\/www.autolook.de\/index.php?rest_route=\/wp\/v2\/users\/1"}],"replies":[{"embeddable":true,"href":"http:\/\/www.autolook.de\/index.php?rest_route=%2Fwp%2Fv2%2Fcomments&post=2045"}],"version-history":[{"count":0,"href":"http:\/\/www.autolook.de\/index.php?rest_route=\/wp\/v2\/posts\/2045\/revisions"}],"wp:attachment":[{"href":"http:\/\/www.autolook.de\/index.php?rest_route=%2Fwp%2Fv2%2Fmedia&parent=2045"}],"wp:term":[{"taxonomy":"category","embeddable":true,"href":"http:\/\/www.autolook.de\/index.php?rest_route=%2Fwp%2Fv2%2Fcategories&post=2045"},{"taxonomy":"post_tag","embeddable":true,"href":"http:\/\/www.autolook.de\/index.php?rest_route=%2Fwp%2Fv2%2Ftags&post=2045"}],"curies":[{"name":"wp","href":"https:\/\/api.w.org\/{rel}","templated":true}]}}