{"id":2063,"date":"2014-02-16T19:22:14","date_gmt":"2014-02-16T18:22:14","guid":{"rendered":"http:\/\/www.autolook.de\/?p=2063"},"modified":"2014-02-16T19:22:14","modified_gmt":"2014-02-16T18:22:14","slug":"schwer-fuers-elektrofahrrad","status":"publish","type":"post","link":"http:\/\/www.autolook.de\/?p=2063","title":{"rendered":"Zu schwer f\u00fcrs Elektrofahrrad"},"content":{"rendered":"<p class=\"MsoNormal\" style=\"text-align: justify;\"><span style=\"font-size: 12.0pt;\">Ein Verk\u00e4ufer muss \u00fcber das zul\u00e4ssige Gesamtgewicht eines E-Bikes aufkl\u00e4ren. Vers\u00e4umt er dies, muss er das Pedelec zur\u00fccknehmen. Dies entschied das Bonner Landgericht (Az.: 8 S 204\/13). <\/span><span style=\"font-size: 12.0pt;\">Ein 110 Kilogramm schwerer Radler hatte sich f\u00fcr rund 2300 Euro ein E-Bike zu gelegt. Wegen instabilen Fahrverhaltens auf absch\u00fcssigen Strecken und \u201eerheblichen<!--more--> Flatterschwingungen\u201c wollte er das Rad zur\u00fcckgeben. Der H\u00e4ndler verweigerte dies, der K\u00e4ufer klagte. In der ersten Instanz ging es um die Beratung. Das zul\u00e4ssiges Gesamtgewicht lag des E-Bikes bei 120 Kilogramm inklusive 25 Kilogramm Fahrradgewicht. Ein Gutachter meinte, ein Verk\u00e4ufer sei nicht verpflichtet nach dem Gewicht des Kunden zu fragen. Dies sahen die Richter am Landgericht anders: Der Verk\u00e4ufer m\u00fcsse den Kunden dar\u00fcber aufkl\u00e4ren. Der Fahrradh\u00e4ndler nahm das Pedelec zur\u00fcck, abz\u00fcglich 300 Euro f\u00fcr 1500 Kilometer Eigennutzung.<\/span><\/p>\n","protected":false},"excerpt":{"rendered":"<p>Ein Verk\u00e4ufer muss \u00fcber das zul\u00e4ssige Gesamtgewicht eines E-Bikes aufkl\u00e4ren. Vers\u00e4umt er dies, muss er das Pedelec zur\u00fccknehmen. Dies entschied das Bonner Landgericht (Az.: 8 S 204\/13). Ein 110 Kilogramm schwerer Radler hatte sich f\u00fcr rund 2300 Euro ein E-Bike zu gelegt. Wegen instabilen Fahrverhaltens auf absch\u00fcssigen Strecken und \u201eerheblichen<\/p>\n","protected":false},"author":1,"featured_media":0,"comment_status":"closed","ping_status":"closed","sticky":false,"template":"","format":"standard","meta":{"footnotes":""},"categories":[9],"tags":[348,620,895,964],"class_list":["post-2063","post","type-post","status-publish","format-standard","hentry","category-home","tag-gesamtgewicht","tag-pedelec","tag-urteil","tag-zulassung"],"_links":{"self":[{"href":"http:\/\/www.autolook.de\/index.php?rest_route=\/wp\/v2\/posts\/2063","targetHints":{"allow":["GET"]}}],"collection":[{"href":"http:\/\/www.autolook.de\/index.php?rest_route=\/wp\/v2\/posts"}],"about":[{"href":"http:\/\/www.autolook.de\/index.php?rest_route=\/wp\/v2\/types\/post"}],"author":[{"embeddable":true,"href":"http:\/\/www.autolook.de\/index.php?rest_route=\/wp\/v2\/users\/1"}],"replies":[{"embeddable":true,"href":"http:\/\/www.autolook.de\/index.php?rest_route=%2Fwp%2Fv2%2Fcomments&post=2063"}],"version-history":[{"count":0,"href":"http:\/\/www.autolook.de\/index.php?rest_route=\/wp\/v2\/posts\/2063\/revisions"}],"wp:attachment":[{"href":"http:\/\/www.autolook.de\/index.php?rest_route=%2Fwp%2Fv2%2Fmedia&parent=2063"}],"wp:term":[{"taxonomy":"category","embeddable":true,"href":"http:\/\/www.autolook.de\/index.php?rest_route=%2Fwp%2Fv2%2Fcategories&post=2063"},{"taxonomy":"post_tag","embeddable":true,"href":"http:\/\/www.autolook.de\/index.php?rest_route=%2Fwp%2Fv2%2Ftags&post=2063"}],"curies":[{"name":"wp","href":"https:\/\/api.w.org\/{rel}","templated":true}]}}