{"id":2067,"date":"2014-02-22T07:40:58","date_gmt":"2014-02-22T06:40:58","guid":{"rendered":"http:\/\/www.autolook.de\/?p=2067"},"modified":"2014-02-22T07:40:58","modified_gmt":"2014-02-22T06:40:58","slug":"von-formel-1-aufs-fahrrad","status":"publish","type":"post","link":"http:\/\/www.autolook.de\/?p=2067","title":{"rendered":"Von der Formel 1 aufs Fahrrad"},"content":{"rendered":"<p><span style=\"font-size: 12.0pt; font-family: 'Times New Roman'; mso-fareast-font-family: 'Times New Roman'; mso-font-kerning: 14.0pt; mso-ansi-language: DE; mso-fareast-language: DE; mso-bidi-language: AR-SA;\">Im Juni findet auf der hauseigenen Formel 1-Rennstrecke von Red Bull der \u00d6sterreich-GP statt, zudem mehr als 100.000 Zuschauer erwartet werden. Bewohner des Murtals protestieren dagegen. Denn der l\u00e4ndliche Bezirk in der Steiermark geh\u00f6rt zu den \u00e4rmeren Regionen \u00d6sterreichs. Um Kritiker umzustimmen hat Konzernchef Dietrich \u201eDidi\u201c Mateschitz k\u00fcrzlich <span style=\"mso-spacerun: yes;\">\u00a0<\/span>mit 50 Vertretern von Gemeinden und Tourismusverb\u00e4nden diskutiert und mehrere<!--more--> Aktionen vorgeschlagen. So will er auch mit einem Radwegeplan die Einheimischen beschwichtigen. \u201eNimm\u2019s Radl\u201c hei\u00dft ein Programm, dass den Kauf von tausend Fahrr\u00e4der zur Entlastung des Autoverkehrs vorsieht. Hinterher d\u00fcrfen die Gemeinden die R\u00e4der behalten. Daf\u00fcr sollen sie aber die Radwege der Region f\u00fcr mehr Tourismus ausbauen. Weitere Ma\u00dfnahmen sind im Punkt \u201eFr\u00fchjahrsputz\u201c enthalten, eine Art Unser-Dorf-soll-sch\u00f6ner-werden-Wettbewerb. Bis zum Formel-1-Rennen sollen die umliegenden Ortschaften versch\u00f6nert werden, damit die Besucher einen guten Eindruck aus der Steiermark mitnehmen. Red Bull zahlt daf\u00fcr die ben\u00f6tigten Materialien. \u00dcber die Gesamtkosten wurde nichts bekannt.<\/span><\/p>\n","protected":false},"excerpt":{"rendered":"<p>Im Juni findet auf der hauseigenen Formel 1-Rennstrecke von Red Bull der \u00d6sterreich-GP statt, zudem mehr als 100.000 Zuschauer erwartet werden. Bewohner des Murtals protestieren dagegen. Denn der l\u00e4ndliche Bezirk in der Steiermark geh\u00f6rt zu den \u00e4rmeren Regionen \u00d6sterreichs. Um Kritiker umzustimmen hat Konzernchef Dietrich \u201eDidi\u201c Mateschitz k\u00fcrzlich \u00a0mit 50 Vertretern von Gemeinden und Tourismusverb\u00e4nden [&hellip;]<\/p>\n","protected":false},"author":1,"featured_media":0,"comment_status":"closed","ping_status":"closed","sticky":false,"template":"","format":"standard","meta":{"footnotes":""},"categories":[9],"tags":[328,692],"class_list":["post-2067","post","type-post","status-publish","format-standard","hentry","category-home","tag-fromel-1","tag-red-bull"],"_links":{"self":[{"href":"http:\/\/www.autolook.de\/index.php?rest_route=\/wp\/v2\/posts\/2067","targetHints":{"allow":["GET"]}}],"collection":[{"href":"http:\/\/www.autolook.de\/index.php?rest_route=\/wp\/v2\/posts"}],"about":[{"href":"http:\/\/www.autolook.de\/index.php?rest_route=\/wp\/v2\/types\/post"}],"author":[{"embeddable":true,"href":"http:\/\/www.autolook.de\/index.php?rest_route=\/wp\/v2\/users\/1"}],"replies":[{"embeddable":true,"href":"http:\/\/www.autolook.de\/index.php?rest_route=%2Fwp%2Fv2%2Fcomments&post=2067"}],"version-history":[{"count":0,"href":"http:\/\/www.autolook.de\/index.php?rest_route=\/wp\/v2\/posts\/2067\/revisions"}],"wp:attachment":[{"href":"http:\/\/www.autolook.de\/index.php?rest_route=%2Fwp%2Fv2%2Fmedia&parent=2067"}],"wp:term":[{"taxonomy":"category","embeddable":true,"href":"http:\/\/www.autolook.de\/index.php?rest_route=%2Fwp%2Fv2%2Fcategories&post=2067"},{"taxonomy":"post_tag","embeddable":true,"href":"http:\/\/www.autolook.de\/index.php?rest_route=%2Fwp%2Fv2%2Ftags&post=2067"}],"curies":[{"name":"wp","href":"https:\/\/api.w.org\/{rel}","templated":true}]}}