{"id":2096,"date":"2014-03-13T16:08:50","date_gmt":"2014-03-13T15:08:50","guid":{"rendered":"http:\/\/www.autolook.de\/?p=2096"},"modified":"2014-03-13T16:08:50","modified_gmt":"2014-03-13T15:08:50","slug":"schweizer-analysieren-e-bike-unfaelle","status":"publish","type":"post","link":"http:\/\/www.autolook.de\/?p=2096","title":{"rendered":"Schweizer analysieren E-Bike-Unf\u00e4lle"},"content":{"rendered":"<p><span style=\"font-size: 11.0pt; line-height: 115%; font-family: Arial; mso-fareast-font-family: 'Times New Roman'; color: black; mso-ansi-language: DE; mso-fareast-language: DE; mso-bidi-language: AR-SA;\"><img loading=\"lazy\" decoding=\"async\" class=\"alignleft size-thumbnail wp-image-2779\" src=\"http:\/\/www.autolook.de\/wp-content\/uploads\/emo-logo-Briefmarke-150x110.png\" alt=\"\" width=\"150\" height=\"110\" \/>Elektrofahrr\u00e4der boomen, damit steigt aber auch die davon ausgehende Gefahr im Stra\u00dfenverkehr. Offizielle Statistiken fehlen hierzulande noch. Die Schweizer Beratungsstelle f\u00fcr Unfallverh\u00fctung (bfu) hat jetzt erstmals das Unfallgeschehen mit Elektrofahrr\u00e4dern auf Schweizer Stra\u00df\u00e9n analysiert. In der Schweiz stieg allein im letzten Jahr die Zahl der Elektrofahrr\u00e4der um mehr<!--more--> als 50.000 auf rund 185.000. Daraus ergibt sich auch eine deutliche Zunahme der E-Biker-Unf\u00e4lle: Im Jahr 2012 stiegen die Unf\u00e4lle mit schweren Personensch\u00e4den gegen\u00fcber 2011 um 25 Prozent. Fast 80 Prozent der Verletzten waren \u00e4lter als 45 Jahre, bei Radfahrern liegt dieser Anteil bei 27 Prozent. Die h\u00e4ufigsten schweren Personensch\u00e4den sind mit 57 Prozent eine Folge von Schleuderunf\u00e4llen. Bei etwa zwei von drei Unf\u00e4llen sind Pkw die Unfallgegner, bei jedem sechsten ein Lkw. H\u00e4ufige Unfallursache: Mehrspurige Kraftfahrzeuge untersch\u00e4tzen meist die Geschwindigkeit von E-Bikes, die sich kaum von herk\u00f6mmlichen Fahrr\u00e4dern unterscheiden.<\/span><\/p>\n","protected":false},"excerpt":{"rendered":"<p>Elektrofahrr\u00e4der boomen, damit steigt aber auch die davon ausgehende Gefahr im Stra\u00dfenverkehr. Offizielle Statistiken fehlen hierzulande noch. Die Schweizer Beratungsstelle f\u00fcr Unfallverh\u00fctung (bfu) hat jetzt erstmals das Unfallgeschehen mit Elektrofahrr\u00e4dern auf Schweizer Stra\u00df\u00e9n analysiert. In der Schweiz stieg allein im letzten Jahr die Zahl der Elektrofahrr\u00e4der um mehr<\/p>\n","protected":false},"author":1,"featured_media":0,"comment_status":"closed","ping_status":"closed","sticky":false,"template":"","format":"standard","meta":{"footnotes":""},"categories":[9],"tags":[222,882],"class_list":["post-2096","post","type-post","status-publish","format-standard","hentry","category-home","tag-e-bike","tag-unfalle"],"_links":{"self":[{"href":"http:\/\/www.autolook.de\/index.php?rest_route=\/wp\/v2\/posts\/2096","targetHints":{"allow":["GET"]}}],"collection":[{"href":"http:\/\/www.autolook.de\/index.php?rest_route=\/wp\/v2\/posts"}],"about":[{"href":"http:\/\/www.autolook.de\/index.php?rest_route=\/wp\/v2\/types\/post"}],"author":[{"embeddable":true,"href":"http:\/\/www.autolook.de\/index.php?rest_route=\/wp\/v2\/users\/1"}],"replies":[{"embeddable":true,"href":"http:\/\/www.autolook.de\/index.php?rest_route=%2Fwp%2Fv2%2Fcomments&post=2096"}],"version-history":[{"count":0,"href":"http:\/\/www.autolook.de\/index.php?rest_route=\/wp\/v2\/posts\/2096\/revisions"}],"wp:attachment":[{"href":"http:\/\/www.autolook.de\/index.php?rest_route=%2Fwp%2Fv2%2Fmedia&parent=2096"}],"wp:term":[{"taxonomy":"category","embeddable":true,"href":"http:\/\/www.autolook.de\/index.php?rest_route=%2Fwp%2Fv2%2Fcategories&post=2096"},{"taxonomy":"post_tag","embeddable":true,"href":"http:\/\/www.autolook.de\/index.php?rest_route=%2Fwp%2Fv2%2Ftags&post=2096"}],"curies":[{"name":"wp","href":"https:\/\/api.w.org\/{rel}","templated":true}]}}