{"id":2472,"date":"2015-01-28T17:23:37","date_gmt":"2015-01-28T16:23:37","guid":{"rendered":"http:\/\/www.autolook.de\/?p=2472"},"modified":"2015-01-28T17:23:37","modified_gmt":"2015-01-28T16:23:37","slug":"2472","status":"publish","type":"post","link":"http:\/\/www.autolook.de\/?p=2472","title":{"rendered":"Terrorverdacht in Autoindustrie"},"content":{"rendered":"<p><img loading=\"lazy\" decoding=\"async\" class=\"alignleft size-thumbnail wp-image-2779\" src=\"http:\/\/www.autolook.de\/wp-content\/uploads\/emo-logo-Briefmarke-150x110.png\" alt=\"\" width=\"150\" height=\"110\" \/>Betriebe m\u00fcssen ihre Mitarbeiter und Kunden mit Terrorlisten abgleichen. Dies ist in zwei EU-Verordnungen geregelt, die zur Durchsetzung von Embargos und zur Terrorismusbek\u00e4mpfung entsprechende Sanktionslistenbeinhalten. So \u00fcberpr\u00fcft auch Ford seine Mitarbeiter auf Terrorverdacht und gleicht die Belegschaftsdaten mit entsprechenden <!--more-->Namenslisten ab. Dazu hat Ford eine Betriebsvereinbarung abgeschlossen und einen \u201eScreening Prozess&#8220; etabliert. Dies meldet die Fachzeitschrift Automobilwoche. Einmal j\u00e4hrlich werden demnach alle Mitarbeiter \u00fcberpr\u00fcft, zudem Neueinstellungen einmalig. Im Falle einer \u00dcbereinstimmung w\u00fcrde dann eine Meldung an das Bundesamt f\u00fcr Wirtschaft und Ausfuhrkontrolle erfolgen.<br \/>\nTrotz Kritik von Datenschutzexperten gleicht auch Daimler entsprechende Listen ab. &#8222;Wir \u00fcberpr\u00fcfen die Rechtslage\u201c, sagte Opel der Automobilwoche. Volkswagen und Bosch betonen, dass sie sich an die gesetzlichen Vorgaben halten. Bei BMW sieht man \u201ekeine Notwendigkeit\u201c f\u00fcr einen Vergleich der Mitarbeiterdaten mit den Listen von Terrorverd\u00e4chtigen. Die rechtlichen Anforderungen erf\u00fclle der Konzern dennoch, denn die Mitarbeiter erhalten ihr Entgelt ausschlie\u00dflich durch Bank\u00fcberweisung auf ihr Namenskonto. Und Banken seien verpflichtet, Kontoinhaber zu \u00fcberpr\u00fcfen. Die EU-Verordnungen haben das Ziel, Geldquellen von Terroristen auszutrocknen.<\/p>\n","protected":false},"excerpt":{"rendered":"<p>Betriebe m\u00fcssen ihre Mitarbeiter und Kunden mit Terrorlisten abgleichen. Dies ist in zwei EU-Verordnungen geregelt, die zur Durchsetzung von Embargos und zur Terrorismusbek\u00e4mpfung entsprechende Sanktionslistenbeinhalten. So \u00fcberpr\u00fcft auch Ford seine Mitarbeiter auf Terrorverdacht und gleicht die Belegschaftsdaten mit entsprechenden<\/p>\n","protected":false},"author":1,"featured_media":0,"comment_status":"closed","ping_status":"closed","sticky":false,"template":"","format":"standard","meta":{"footnotes":""},"categories":[9],"tags":[140,184,192,319,842],"class_list":["post-2472","post","type-post","status-publish","format-standard","hentry","category-home","tag-bmw","tag-daimler","tag-datenschutz","tag-ford","tag-terror"],"_links":{"self":[{"href":"http:\/\/www.autolook.de\/index.php?rest_route=\/wp\/v2\/posts\/2472","targetHints":{"allow":["GET"]}}],"collection":[{"href":"http:\/\/www.autolook.de\/index.php?rest_route=\/wp\/v2\/posts"}],"about":[{"href":"http:\/\/www.autolook.de\/index.php?rest_route=\/wp\/v2\/types\/post"}],"author":[{"embeddable":true,"href":"http:\/\/www.autolook.de\/index.php?rest_route=\/wp\/v2\/users\/1"}],"replies":[{"embeddable":true,"href":"http:\/\/www.autolook.de\/index.php?rest_route=%2Fwp%2Fv2%2Fcomments&post=2472"}],"version-history":[{"count":0,"href":"http:\/\/www.autolook.de\/index.php?rest_route=\/wp\/v2\/posts\/2472\/revisions"}],"wp:attachment":[{"href":"http:\/\/www.autolook.de\/index.php?rest_route=%2Fwp%2Fv2%2Fmedia&parent=2472"}],"wp:term":[{"taxonomy":"category","embeddable":true,"href":"http:\/\/www.autolook.de\/index.php?rest_route=%2Fwp%2Fv2%2Fcategories&post=2472"},{"taxonomy":"post_tag","embeddable":true,"href":"http:\/\/www.autolook.de\/index.php?rest_route=%2Fwp%2Fv2%2Ftags&post=2472"}],"curies":[{"name":"wp","href":"https:\/\/api.w.org\/{rel}","templated":true}]}}