{"id":38,"date":"2011-05-13T20:47:42","date_gmt":"2011-05-13T18:47:42","guid":{"rendered":"http:\/\/www.emo-auto.de\/blog\/?p=38"},"modified":"2011-05-13T20:47:42","modified_gmt":"2011-05-13T18:47:42","slug":"vw-chef-winterkorn-und-seine-e-autos","status":"publish","type":"post","link":"http:\/\/www.autolook.de\/?p=38","title":{"rendered":"VW-Chef Winterkorn und seine E-Autos"},"content":{"rendered":"<p>VW-Chef Martin Winterkorn sieht vier gro\u00dfe Aufgabenpakete f\u00fcr den Durchbruch der Elektromobilit\u00e4t:<\/p>\n<p>1. Die Beherrschung der Technologie &#8211; von der Batterie bis zur Leistungselektronik.<\/p>\n<p>2. Den Aufbau der entsprechenden Infrastruktur.<\/p>\n<p>3. Die Herkunft des Stroms.<\/p>\n<p>4. Wettbewerbsf\u00e4hige Kosten.<\/p>\n<p>Vorgestellt auf dem 32. Internationalen Wiener Motorensymposium im Mai 2011<\/p>\n","protected":false},"excerpt":{"rendered":"<p>VW-Chef Martin Winterkorn sieht vier gro\u00dfe Aufgabenpakete f\u00fcr den Durchbruch der Elektromobilit\u00e4t: 1. Die Beherrschung der Technologie &#8211; von der Batterie bis zur Leistungselektronik. 2. Den Aufbau der entsprechenden Infrastruktur. 3. Die Herkunft des Stroms. 4. Wettbewerbsf\u00e4hige Kosten. Vorgestellt auf dem 32. Internationalen Wiener Motorensymposium im Mai 2011<\/p>\n","protected":false},"author":1,"featured_media":0,"comment_status":"open","ping_status":"open","sticky":false,"template":"","format":"standard","meta":{"footnotes":""},"categories":[1],"tags":[],"class_list":["post-38","post","type-post","status-publish","format-standard","hentry","category-uncategorized"],"_links":{"self":[{"href":"http:\/\/www.autolook.de\/index.php?rest_route=\/wp\/v2\/posts\/38","targetHints":{"allow":["GET"]}}],"collection":[{"href":"http:\/\/www.autolook.de\/index.php?rest_route=\/wp\/v2\/posts"}],"about":[{"href":"http:\/\/www.autolook.de\/index.php?rest_route=\/wp\/v2\/types\/post"}],"author":[{"embeddable":true,"href":"http:\/\/www.autolook.de\/index.php?rest_route=\/wp\/v2\/users\/1"}],"replies":[{"embeddable":true,"href":"http:\/\/www.autolook.de\/index.php?rest_route=%2Fwp%2Fv2%2Fcomments&post=38"}],"version-history":[{"count":0,"href":"http:\/\/www.autolook.de\/index.php?rest_route=\/wp\/v2\/posts\/38\/revisions"}],"wp:attachment":[{"href":"http:\/\/www.autolook.de\/index.php?rest_route=%2Fwp%2Fv2%2Fmedia&parent=38"}],"wp:term":[{"taxonomy":"category","embeddable":true,"href":"http:\/\/www.autolook.de\/index.php?rest_route=%2Fwp%2Fv2%2Fcategories&post=38"},{"taxonomy":"post_tag","embeddable":true,"href":"http:\/\/www.autolook.de\/index.php?rest_route=%2Fwp%2Fv2%2Ftags&post=38"}],"curies":[{"name":"wp","href":"https:\/\/api.w.org\/{rel}","templated":true}]}}