{"id":992,"date":"2011-03-24T20:05:15","date_gmt":"2011-03-24T18:05:15","guid":{"rendered":"http:\/\/emo-bil.de\/?p=992"},"modified":"2011-03-24T20:05:15","modified_gmt":"2011-03-24T18:05:15","slug":"sommerzeit-unfallzeit","status":"publish","type":"post","link":"http:\/\/www.autolook.de\/?p=992","title":{"rendered":"Sommerzeit, Unfallzeit"},"content":{"rendered":"<p class=\"MsoNormal\">Die Umstellung auf Sommerzeit (die Nacht wird eine Stunde k\u00fcrzer) f\u00fchrt im Stra\u00dfenverkehr zu mehr Unf\u00e4llen mit schweren und t\u00f6dlichen Verletzungen. Bisher gingen Studien von einem einem positiven Einfluss aus. Wissenschaftler der britischen Oxford University haben festgestellt, dass es bei Sonnenauf- und Sonnenuntergang unmittelbar nach der Zeitumstellung etwa bei jedem f\u00fcnften Unfall einen Toten gab. Besonders signifikant ist die Zahl der t\u00f6dlich verungl\u00fcckten Fu\u00dfg\u00e4nger in den Abendstunden, in denen auch 80 Prozent aller Unf\u00e4lle mit Verletzten passierten. Ausgewertet wurden fast 56.000 Unf\u00e4lle in England und Wales \u00fcber einen Zeitraum von elf Jahren. Dabei ereigneten sich rund 1300 Unf\u00e4lle in der Zeit vier Wochen vor und nach der Zeitumstellung und jeweils kurz vor Sonnenauf- oder nach Sonnenuntergang. Gerade dann ist das Tageslicht schw\u00e4cher.<\/p>\n<p class=\"MsoNormal\">Auch auf deutschen Stra\u00dfen bringt die Sommerzeit-Umstellung Ende M\u00e4rz mehr Unf\u00e4lle. W\u00e4hrend das Statistische Bundesamt (destatis) im M\u00e4rz 2010 insgesamt 20.481 Unf\u00e4lle verzeichnete, waren es im April 23.843 Unf\u00e4lle \u2013 16,4 Prozent mehr. Und auch die Zahl der Verletzten stieg sprunghaft von 27.412 im M\u00e4rz auf 35.501 im April, bei den Get\u00f6teten von 284 auf 380.<\/p>\n<p class=\"MsoNormal\">Erkenntnisse des Autofahrerclubs Europa (ACE) best\u00e4tigen den Zusammenhang der Stra\u00dfenverkehrsunf\u00e4lle mit der Umstellung auf Sommerzeit. \u201eAllerdings sind die Unfallursachen vielf\u00e4ltig, liegen aus medizinischer Sicht oft in Schlafdefiziten, die die Konzentration beeinflussen\u201c, hei\u00dft es beim ACE. Eine aktuelle US-Studie best\u00e4tigt dies: Am Montag nach der Umstellung auf die Sommerzeit, schlafen Berufst\u00e4tige durchschnittlich 40 Minuten weniger.<\/p>\n","protected":false},"excerpt":{"rendered":"<p>Die Umstellung auf Sommerzeit (die Nacht wird eine Stunde k\u00fcrzer) f\u00fchrt im Stra\u00dfenverkehr zu mehr Unf\u00e4llen mit schweren und t\u00f6dlichen Verletzungen. Bisher gingen Studien von einem einem positiven Einfluss aus. Wissenschaftler der britischen Oxford University haben festgestellt, dass es bei Sonnenauf- und Sonnenuntergang unmittelbar nach der Zeitumstellung etwa bei jedem f\u00fcnften Unfall einen Toten gab. [&hellip;]<\/p>\n","protected":false},"author":1,"featured_media":0,"comment_status":"open","ping_status":"closed","sticky":false,"template":"","format":"standard","meta":{"footnotes":""},"categories":[9],"tags":[357,781,884],"class_list":["post-992","post","type-post","status-publish","format-standard","hentry","category-home","tag-gesundheit","tag-sommerzeit","tag-unfallgefahr"],"_links":{"self":[{"href":"http:\/\/www.autolook.de\/index.php?rest_route=\/wp\/v2\/posts\/992","targetHints":{"allow":["GET"]}}],"collection":[{"href":"http:\/\/www.autolook.de\/index.php?rest_route=\/wp\/v2\/posts"}],"about":[{"href":"http:\/\/www.autolook.de\/index.php?rest_route=\/wp\/v2\/types\/post"}],"author":[{"embeddable":true,"href":"http:\/\/www.autolook.de\/index.php?rest_route=\/wp\/v2\/users\/1"}],"replies":[{"embeddable":true,"href":"http:\/\/www.autolook.de\/index.php?rest_route=%2Fwp%2Fv2%2Fcomments&post=992"}],"version-history":[{"count":0,"href":"http:\/\/www.autolook.de\/index.php?rest_route=\/wp\/v2\/posts\/992\/revisions"}],"wp:attachment":[{"href":"http:\/\/www.autolook.de\/index.php?rest_route=%2Fwp%2Fv2%2Fmedia&parent=992"}],"wp:term":[{"taxonomy":"category","embeddable":true,"href":"http:\/\/www.autolook.de\/index.php?rest_route=%2Fwp%2Fv2%2Fcategories&post=992"},{"taxonomy":"post_tag","embeddable":true,"href":"http:\/\/www.autolook.de\/index.php?rest_route=%2Fwp%2Fv2%2Ftags&post=992"}],"curies":[{"name":"wp","href":"https:\/\/api.w.org\/{rel}","templated":true}]}}