{"id":999,"date":"2011-02-09T21:26:56","date_gmt":"2011-02-09T19:26:56","guid":{"rendered":"http:\/\/emo-bil.de\/?p=999"},"modified":"2011-02-09T21:26:56","modified_gmt":"2011-02-09T19:26:56","slug":"radfahren-verlangert-das-leben","status":"publish","type":"post","link":"http:\/\/www.autolook.de\/?p=999","title":{"rendered":"Radfahren verl\u00e4ngert das Leben"},"content":{"rendered":"<p class=\"MsoNormal\">Wer auf Kurzstrecken vom Auto aufs Fahrrad umsteigt, hat eine h\u00f6here Lebenserwartung. Dies haben Wissenschaftler der Universit\u00e4t Utrecht herausgefunden. Sie analysierten in einer Studie die Lebensdaten von 500.000 Personen zwischen 18 und 64 Jahre und deren sportliche Aktivit\u00e4t, dazu Umweltdaten zur Luftqualit\u00e4t und zu Verkehrsunf\u00e4llen. Nach Ansicht der Wissenschaftler verl\u00e4ngert ein Umstieg aufs Fahrrad die Lebensdauer um bis zu vierzehn Monate. Andererseits reduzieren die eingeatmeten Abgase je nach Region die Lebenserwartung um bis zu 80 Tage. Weitere f\u00fcnf bis neun Tage \u201everlieren\u201c Radfahrer als Folge der h\u00f6heren Unfallgefahr. Insgesamt gesehen sei der Vorteil des Radfahrens jedoch neunmal h\u00f6her als dessen Risiko. Fast jeder zweite erwachsene Holl\u00e4nder besitzt Auto und Fahrrad.<\/p>\n","protected":false},"excerpt":{"rendered":"<p>Wer auf Kurzstrecken vom Auto aufs Fahrrad umsteigt, hat eine h\u00f6here Lebenserwartung. Dies haben Wissenschaftler der Universit\u00e4t Utrecht herausgefunden. Sie analysierten in einer Studie die Lebensdaten von 500.000 Personen zwischen 18 und 64 Jahre und deren sportliche Aktivit\u00e4t, dazu Umweltdaten zur Luftqualit\u00e4t und zu Verkehrsunf\u00e4llen. Nach Ansicht der Wissenschaftler verl\u00e4ngert ein Umstieg aufs Fahrrad die [&hellip;]<\/p>\n","protected":false},"author":1,"featured_media":0,"comment_status":"open","ping_status":"closed","sticky":false,"template":"","format":"standard","meta":{"footnotes":""},"categories":[9],"tags":[314,357,675],"class_list":["post-999","post","type-post","status-publish","format-standard","hentry","category-home","tag-fitness","tag-gesundheit","tag-radfahren"],"_links":{"self":[{"href":"http:\/\/www.autolook.de\/index.php?rest_route=\/wp\/v2\/posts\/999","targetHints":{"allow":["GET"]}}],"collection":[{"href":"http:\/\/www.autolook.de\/index.php?rest_route=\/wp\/v2\/posts"}],"about":[{"href":"http:\/\/www.autolook.de\/index.php?rest_route=\/wp\/v2\/types\/post"}],"author":[{"embeddable":true,"href":"http:\/\/www.autolook.de\/index.php?rest_route=\/wp\/v2\/users\/1"}],"replies":[{"embeddable":true,"href":"http:\/\/www.autolook.de\/index.php?rest_route=%2Fwp%2Fv2%2Fcomments&post=999"}],"version-history":[{"count":0,"href":"http:\/\/www.autolook.de\/index.php?rest_route=\/wp\/v2\/posts\/999\/revisions"}],"wp:attachment":[{"href":"http:\/\/www.autolook.de\/index.php?rest_route=%2Fwp%2Fv2%2Fmedia&parent=999"}],"wp:term":[{"taxonomy":"category","embeddable":true,"href":"http:\/\/www.autolook.de\/index.php?rest_route=%2Fwp%2Fv2%2Fcategories&post=999"},{"taxonomy":"post_tag","embeddable":true,"href":"http:\/\/www.autolook.de\/index.php?rest_route=%2Fwp%2Fv2%2Ftags&post=999"}],"curies":[{"name":"wp","href":"https:\/\/api.w.org\/{rel}","templated":true}]}}